{"id":25501,"date":"2024-12-17T10:29:25","date_gmt":"2024-12-17T09:29:25","guid":{"rendered":"https:\/\/www.elephant-vert.com\/?p=25501"},"modified":"2025-01-08T11:50:40","modified_gmt":"2025-01-08T10:50:40","slug":"a-new-acquisition-for-the-elephant-vert-group-that-strengthens-its-position-on-the-european-and-global-markets","status":"publish","type":"post","link":"https:\/\/www.elephant-vert.com\/en\/a-new-acquisition-for-the-elephant-vert-group-that-strengthens-its-position-on-the-european-and-global-markets\/","title":{"rendered":"A new acquisition for the El\u00e9phant Vert group that strengthens its position on the European and global markets"},"content":{"rendered":"\t\t<div data-elementor-type=\"wp-post\" data-elementor-id=\"25501\" class=\"elementor elementor-25501 elementor-25527\" data-elementor-post-type=\"post\">\n\t\t\t\t\t\t<section class=\"elementor-section elementor-top-section elementor-element elementor-element-f0295b3 elementor-section-height-min-height elementor-section-items-top elementor-section-content-top elementor-section-stretched elementor-section-boxed elementor-section-height-default\" data-id=\"f0295b3\" data-element_type=\"section\" data-e-type=\"section\" data-settings=\"{&quot;stretch_section&quot;:&quot;section-stretched&quot;,&quot;background_background&quot;:&quot;classic&quot;}\">\n\t\t\t\t\t\t<div class=\"elementor-container elementor-column-gap-no\">\n\t\t\t\t\t<div class=\"elementor-column elementor-col-100 elementor-top-column elementor-element elementor-element-9c29b35\" data-id=\"9c29b35\" data-element_type=\"column\" data-e-type=\"column\">\n\t\t\t<div class=\"elementor-widget-wrap elementor-element-populated\">\n\t\t\t\t\t\t<div class=\"elementor-element elementor-element-f492e9d elementor-widget elementor-widget-breadcrumbs\" data-id=\"f492e9d\" data-element_type=\"widget\" data-e-type=\"widget\" data-widget_type=\"breadcrumbs.default\">\n\t\t\t\t<div class=\"elementor-widget-container\">\n\t\t\t\t\t<nav id=\"breadcrumbs\"><span><span><a href=\"https:\/\/www.elephant-vert.com\/en\/\">Home<\/a><\/span><\/span><\/nav>\t\t\t\t<\/div>\n\t\t\t\t<\/div>\n\t\t\t\t\t<\/div>\n\t\t<\/div>\n\t\t\t\t\t<\/div>\n\t\t<\/section>\n\t\t\t\t<section class=\"elementor-section elementor-top-section elementor-element elementor-element-6b10831 elementor-section-stretched elementor-section-boxed elementor-section-height-default elementor-section-height-default\" data-id=\"6b10831\" data-element_type=\"section\" data-e-type=\"section\" data-settings=\"{&quot;stretch_section&quot;:&quot;section-stretched&quot;}\">\n\t\t\t\t\t\t<div class=\"elementor-container elementor-column-gap-no\">\n\t\t\t\t\t<div class=\"elementor-column elementor-col-100 elementor-top-column elementor-element elementor-element-b642280\" data-id=\"b642280\" data-element_type=\"column\" data-e-type=\"column\">\n\t\t\t<div class=\"elementor-widget-wrap elementor-element-populated\">\n\t\t\t\t\t\t<div class=\"elementor-element elementor-element-5aee6e1 elementor-widget elementor-widget-image\" data-id=\"5aee6e1\" data-element_type=\"widget\" data-e-type=\"widget\" data-widget_type=\"image.default\">\n\t\t\t\t<div class=\"elementor-widget-container\">\n\t\t\t\t\t\t\t\t\t\t\t\t\t\t\t<img loading=\"lazy\" decoding=\"async\" width=\"2048\" height=\"1537\" src=\"https:\/\/www.elephant-vert.com\/wp-content\/uploads\/2024\/12\/processed-DAFC063C-A49F-46EC-8D90-815EE9574264-scaled.jpeg\" class=\"attachment-full size-full wp-image-25508\" alt=\"\" srcset=\"https:\/\/www.elephant-vert.com\/wp-content\/uploads\/2024\/12\/processed-DAFC063C-A49F-46EC-8D90-815EE9574264-scaled.jpeg 2048w, https:\/\/www.elephant-vert.com\/wp-content\/uploads\/2024\/12\/processed-DAFC063C-A49F-46EC-8D90-815EE9574264-300x225.jpeg 300w, https:\/\/www.elephant-vert.com\/wp-content\/uploads\/2024\/12\/processed-DAFC063C-A49F-46EC-8D90-815EE9574264-1024x768.jpeg 1024w, https:\/\/www.elephant-vert.com\/wp-content\/uploads\/2024\/12\/processed-DAFC063C-A49F-46EC-8D90-815EE9574264-768x576.jpeg 768w, https:\/\/www.elephant-vert.com\/wp-content\/uploads\/2024\/12\/processed-DAFC063C-A49F-46EC-8D90-815EE9574264-1536x1153.jpeg 1536w, https:\/\/www.elephant-vert.com\/wp-content\/uploads\/2024\/12\/processed-DAFC063C-A49F-46EC-8D90-815EE9574264-600x450.jpeg 600w\" sizes=\"(max-width: 2048px) 100vw, 2048px\" \/>\t\t\t\t\t\t\t\t\t\t\t\t\t\t\t<\/div>\n\t\t\t\t<\/div>\n\t\t\t\t<div class=\"elementor-element elementor-element-37b112c elementor-absolute elementor-hidden-mobile elementor-widget elementor-widget-image\" data-id=\"37b112c\" data-element_type=\"widget\" data-e-type=\"widget\" data-settings=\"{&quot;_position&quot;:&quot;absolute&quot;}\" data-widget_type=\"image.default\">\n\t\t\t\t<div class=\"elementor-widget-container\">\n\t\t\t\t\t\t\t\t\t\t\t\t\t\t\t<img loading=\"lazy\" decoding=\"async\" width=\"1024\" height=\"1024\" src=\"https:\/\/www.elephant-vert.com\/wp-content\/uploads\/2022\/11\/Wave-Large-v2.svg\" class=\"attachment-large size-large wp-image-342\" alt=\"\" \/>\t\t\t\t\t\t\t\t\t\t\t\t\t\t\t<\/div>\n\t\t\t\t<\/div>\n\t\t\t\t<div class=\"elementor-element elementor-element-e83bc85 elementor-align-left item-cta-green item-cta-small item-cta-green-reverse elementor-absolute elementor-widget elementor-widget-button\" data-id=\"e83bc85\" data-element_type=\"widget\" data-e-type=\"widget\" data-settings=\"{&quot;_position&quot;:&quot;absolute&quot;}\" data-widget_type=\"button.default\">\n\t\t\t\t<div class=\"elementor-widget-container\">\n\t\t\t\t\t\t\t\t\t<div class=\"elementor-button-wrapper\">\n\t\t\t\t\t<a class=\"elementor-button elementor-button-link elementor-size-md\" href=\"https:\/\/www.elephant-vert.com\/en\/news\/\">\n\t\t\t\t\t\t<span class=\"elementor-button-content-wrapper\">\n\t\t\t\t\t\t\t\t\t<span class=\"elementor-button-text\"><div class=\"cta-txt-effect\"><span class=\"txt-cta\">   RETURN<\/span><span class=\"txt-cta__hover\">  RETURN<\/span><\/div><\/span>\n\t\t\t\t\t<\/span>\n\t\t\t\t\t<\/a>\n\t\t\t\t<\/div>\n\t\t\t\t\t\t\t\t<\/div>\n\t\t\t\t<\/div>\n\t\t\t\t\t<\/div>\n\t\t<\/div>\n\t\t\t\t\t<\/div>\n\t\t<\/section>\n\t\t\t\t<section class=\"elementor-section elementor-top-section elementor-element elementor-element-da7d14a elementor-section-stretched elementor-section-boxed elementor-section-height-default elementor-section-height-default\" data-id=\"da7d14a\" data-element_type=\"section\" data-e-type=\"section\" data-settings=\"{&quot;stretch_section&quot;:&quot;section-stretched&quot;}\">\n\t\t\t\t\t\t<div class=\"elementor-container elementor-column-gap-no\">\n\t\t\t\t\t<div class=\"elementor-column elementor-col-50 elementor-top-column elementor-element elementor-element-f5ddecb\" data-id=\"f5ddecb\" data-element_type=\"column\" data-e-type=\"column\">\n\t\t\t<div class=\"elementor-widget-wrap elementor-element-populated\">\n\t\t\t\t\t\t<div class=\"elementor-element elementor-element-9d63327 elementor-widget elementor-widget-heading\" data-id=\"9d63327\" data-element_type=\"widget\" data-e-type=\"widget\" data-widget_type=\"heading.default\">\n\t\t\t\t<div class=\"elementor-widget-container\">\n\t\t\t\t\t<div class=\"elementor-heading-title elementor-size-default\"><a href=\"https:\/\/www.elephant-vert.com\/en\/category\/product\/\" rel=\"tag\">Product<\/a><\/div>\t\t\t\t<\/div>\n\t\t\t\t<\/div>\n\t\t\t\t<div class=\"elementor-element elementor-element-62abe0f elementor-widget elementor-widget-theme-post-title elementor-page-title elementor-widget-heading\" data-id=\"62abe0f\" data-element_type=\"widget\" data-e-type=\"widget\" data-widget_type=\"theme-post-title.default\">\n\t\t\t\t<div class=\"elementor-widget-container\">\n\t\t\t\t\t<h1 class=\"elementor-heading-title elementor-size-default\">A new acquisition for the El\u00e9phant Vert group that strengthens its position on the European and global markets<\/h1>\t\t\t\t<\/div>\n\t\t\t\t<\/div>\n\t\t\t\t<div class=\"elementor-element elementor-element-10370a2 elementor-widget elementor-widget-post-info\" data-id=\"10370a2\" data-element_type=\"widget\" data-e-type=\"widget\" data-widget_type=\"post-info.default\">\n\t\t\t\t<div class=\"elementor-widget-container\">\n\t\t\t\t\t\t\t<ul class=\"elementor-inline-items elementor-icon-list-items elementor-post-info\">\n\t\t\t\t\t\t\t\t<li class=\"elementor-icon-list-item elementor-repeater-item-69d6cff elementor-inline-item\" itemprop=\"datePublished\">\n\t\t\t\t\t\t\t\t\t\t\t\t\t<span class=\"elementor-icon-list-text elementor-post-info__item elementor-post-info__item--type-date\">\n\t\t\t\t\t\t\t\t\t\t<time>17.12.2024<\/time>\t\t\t\t\t<\/span>\n\t\t\t\t\t\t\t\t<\/li>\n\t\t\t\t<\/ul>\n\t\t\t\t\t\t<\/div>\n\t\t\t\t<\/div>\n\t\t\t\t\t<\/div>\n\t\t<\/div>\n\t\t\t\t<div class=\"elementor-column elementor-col-50 elementor-top-column elementor-element elementor-element-37e714c elementor-hidden-mobile\" data-id=\"37e714c\" data-element_type=\"column\" data-e-type=\"column\">\n\t\t\t<div class=\"elementor-widget-wrap\">\n\t\t\t\t\t\t\t<\/div>\n\t\t<\/div>\n\t\t\t\t\t<\/div>\n\t\t<\/section>\n\t\t\t\t<section class=\"elementor-section elementor-top-section elementor-element elementor-element-2c1ac2b elementor-section-stretched elementor-section-boxed elementor-section-height-default elementor-section-height-default\" data-id=\"2c1ac2b\" data-element_type=\"section\" data-e-type=\"section\" data-settings=\"{&quot;stretch_section&quot;:&quot;section-stretched&quot;}\">\n\t\t\t\t\t\t<div class=\"elementor-container elementor-column-gap-no\">\n\t\t\t\t\t<div class=\"elementor-column elementor-col-100 elementor-top-column elementor-element elementor-element-0f9d0f8\" data-id=\"0f9d0f8\" data-element_type=\"column\" data-e-type=\"column\">\n\t\t\t<div class=\"elementor-widget-wrap elementor-element-populated\">\n\t\t\t\t\t\t<div class=\"elementor-element elementor-element-3829f37 elementor-widget-divider--view-line elementor-widget elementor-widget-divider\" data-id=\"3829f37\" data-element_type=\"widget\" data-e-type=\"widget\" data-widget_type=\"divider.default\">\n\t\t\t\t<div class=\"elementor-widget-container\">\n\t\t\t\t\t\t\t<div class=\"elementor-divider\">\n\t\t\t<span class=\"elementor-divider-separator\">\n\t\t\t\t\t\t<\/span>\n\t\t<\/div>\n\t\t\t\t\t\t<\/div>\n\t\t\t\t<\/div>\n\t\t\t\t\t<\/div>\n\t\t<\/div>\n\t\t\t\t\t<\/div>\n\t\t<\/section>\n\t\t\t\t<section class=\"elementor-section elementor-top-section elementor-element elementor-element-3debebe elementor-section-stretched elementor-section-boxed elementor-section-height-default elementor-section-height-default\" data-id=\"3debebe\" data-element_type=\"section\" data-e-type=\"section\" data-settings=\"{&quot;stretch_section&quot;:&quot;section-stretched&quot;}\">\n\t\t\t\t\t\t<div class=\"elementor-container elementor-column-gap-no\">\n\t\t\t\t\t<div class=\"elementor-column elementor-col-100 elementor-top-column elementor-element elementor-element-627b2cf\" data-id=\"627b2cf\" data-element_type=\"column\" data-e-type=\"column\">\n\t\t\t<div class=\"elementor-widget-wrap elementor-element-populated\">\n\t\t\t\t\t\t<div class=\"elementor-element elementor-element-5876f90 elementor-widget elementor-widget-text-editor\" data-id=\"5876f90\" data-element_type=\"widget\" data-e-type=\"widget\" data-widget_type=\"text-editor.default\">\n\t\t\t\t<div class=\"elementor-widget-container\">\n\t\t\t\t\t\t\t\t\t<p><i>El\u00e9phant Vert (EV) becomes a 100% shareholder of the French group BIO3G with the ambition of taking advantage of the complementarity of the companies to strengthen their respective positionsin all markets.<\/i><\/p><p><b>Accelerated growth thanks to the complementarity ofthe two companies<\/b><\/p><p>The benefit of this acquisition is to play on the dual &#8220;product and geographical&#8221; complementarity of the two groups to accelerate the development of the companies. Agility and the search for performance will remain the key words for each entity in order to amplify this influence.<\/p><p>EV has a solid foothold in Africa through its subsidiaries and has been deploying an ambitious export strategy in other geographies in Europe and the rest of the world for the past 2 years.<\/p><p>Present in 44 countries, the product portfolio includes no less than 80 active registrations and a human capital of about 400 employees. BIO3G is dedicated to the development of natural solutions with a 100% direct sales and advice approach in France, Switzerland, Belgium and Germany. It now has 45 products, 6 patents, 3 marketing authorizations and, above all, 450 women and men committed to a project to develop bio-solutions for agroecology and the health of the planet! Its reputation with end customers is recognized. It will thus be one of the spearheads of this commercial ambition.<\/p><p>The project also includes investments in product developments, manufacturing and IT to develop BIO3G&#8217;s growth potential for the benefit of the group.<\/p><p>It is in this spirit that the teams of the two companies have been working together for a few months in order to complete this transaction.<\/p><p><b>A common DNA naturally conducive to this acquisition<\/b><\/p><p>The two companies have similar convictions and ambitions: to develop sustainable\u00a0\u00a0<span style=\"background-color: var(--base-3);\">agriculture around the world, to restore soil quality, to improve farmers&#8217; incomes by\u00a0<\/span><span style=\"background-color: var(--base-3);\">marketing an original range of biostimulants, among others. Indeed, since 2012, EV\u00a0<\/span><span style=\"background-color: var(--base-3);\">has positioned itself as a pioneer in agricultural biosolutions in Africa and around\u00a0<\/span><span style=\"background-color: var(--base-3);\">the world. BIO3G, for its part, has been working since 1997 to develop natural\u00a0<\/span><span style=\"background-color: var(--base-3);\">solutions for French and European farmers.<\/span><\/p><p>They are also found in human and managerial values: proximity, entrepreneurial\u00a0\u00a0<span style=\"background-color: var(--base-3);\">spirit, dynamism and creativity, as well as in the strategic axis around R&amp;D and\u00a0\u00a0<\/span><span style=\"background-color: var(--base-3);\">integrated production.<\/span><\/p><p>This acquisition is a continuation of a collaboration between the two groups that\u00a0<span style=\"background-color: var(--base-3);\">began in 2018 and, is being carried out at the right time for both people and\u00a0<\/span><span style=\"background-color: var(--base-3);\">companies.<\/span><\/p><p>&#8220;<i>This transition represents a tremendous opportunity for BIO3G to\u00a0<span style=\"background-color: var(--base-3);\">strengthen its position in the biostimulants market and amplify its\u00a0<\/span><span style=\"background-color: var(--base-3);\">positive impact on sustainable agriculture. I am confident that \u00c9l\u00e9phant\u00a0<\/span><\/i><span style=\"background-color: var(--base-3);\"><i>Vert will continue to uphold BIO3G&#8217;s values and ambitions.\u201c\u00a0<\/i>\u00a0<\/span><span style=\"background-color: var(--base-3);\"><b><i>Marc Guillermou, Founder and former director of BIO3G<\/i><\/b><\/span><\/p><p><b>A new management committee and a strengthened proximity\u00a0<span style=\"background-color: var(--base-3);\">to facilitate this development<\/span><\/b><\/p><p><span style=\"background-color: var(--base-3);\">A new Managing Director has been recruited to succeed Marc Guillermou. Pierre-Gilles G\u00e9rard took up his position this summer and also joined the EV Executive Committee in order to strengthen synergies. An agricultural engineer by training, he has been pursuing a successful career since 1993 punctuated by various experiences in management and business creation in the field of agricultural supplies (Eliard-SPCP, Roullier, V\u00e9olia P\u00f4le Agriculture). Beyond his technical skills, his ability to mobilize teams and his taste for project management make him a very appropriate successor to Marc Guillermou.<\/span><\/p>\t\t\t\t\t\t\t\t<\/div>\n\t\t\t\t<\/div>\n\t\t\t\t<div class=\"elementor-element elementor-element-2c8f5bd elementor-post-navigation-borders-yes elementor-widget elementor-widget-post-navigation\" data-id=\"2c8f5bd\" data-element_type=\"widget\" data-e-type=\"widget\" data-widget_type=\"post-navigation.default\">\n\t\t\t\t<div class=\"elementor-widget-container\">\n\t\t\t\t\t\t\t<div class=\"elementor-post-navigation\" role=\"navigation\" aria-label=\"Post Navigation\">\n\t\t\t<div class=\"elementor-post-navigation__prev elementor-post-navigation__link\">\n\t\t\t\t<a href=\"https:\/\/www.elephant-vert.com\/en\/alert-soil-depletion-threatens-our-food-supply\/\" rel=\"prev\"><span class=\"post-navigation__arrow-wrapper post-navigation__arrow-prev\"><i aria-hidden=\"true\" class=\"fas fa-angle-left\"><\/i><span class=\"elementor-screen-only\">Prev<\/span><\/span><span class=\"elementor-post-navigation__link__prev\"><span class=\"post-navigation__prev--label\">Previous<\/span><span class=\"post-navigation__prev--title\">Alert: Soil Depletion Threatens Our Food Supply<\/span><\/span><\/a>\t\t\t<\/div>\n\t\t\t\t\t\t\t<div class=\"elementor-post-navigation__separator-wrapper\">\n\t\t\t\t\t<div class=\"elementor-post-navigation__separator\"><\/div>\n\t\t\t\t<\/div>\n\t\t\t\t\t\t<div class=\"elementor-post-navigation__next elementor-post-navigation__link\">\n\t\t\t\t<a href=\"https:\/\/www.elephant-vert.com\/en\/elephant-vert-ev-and-pro-farm-group-pfg-announce-the-renewal-of-their-collaboration-to-distribute-biocontrol-products-in-africa\/\" rel=\"next\"><span class=\"elementor-post-navigation__link__next\"><span class=\"post-navigation__next--label\">Next<\/span><span class=\"post-navigation__next--title\">El\u00e9phant Vert (EV) and Pro Farm Group (PFG) announce the renewal of their collaboration to distribute biocontrol products in Africa.<\/span><\/span><span class=\"post-navigation__arrow-wrapper post-navigation__arrow-next\"><i aria-hidden=\"true\" class=\"fas fa-angle-right\"><\/i><span class=\"elementor-screen-only\">Next<\/span><\/span><\/a>\t\t\t<\/div>\n\t\t<\/div>\n\t\t\t\t\t\t<\/div>\n\t\t\t\t<\/div>\n\t\t\t\t\t<\/div>\n\t\t<\/div>\n\t\t\t\t\t<\/div>\n\t\t<\/section>\n\t\t\t\t<section class=\"elementor-section elementor-top-section elementor-element elementor-element-df400da elementor-section-stretched elementor-section-boxed elementor-section-height-default elementor-section-height-default\" data-id=\"df400da\" data-element_type=\"section\" data-e-type=\"section\" data-settings=\"{&quot;stretch_section&quot;:&quot;section-stretched&quot;}\">\n\t\t\t\t\t\t<div class=\"elementor-container elementor-column-gap-no\">\n\t\t\t\t\t<div class=\"elementor-column elementor-col-100 elementor-top-column elementor-element elementor-element-e1b23d3 section-3articles\" data-id=\"e1b23d3\" data-element_type=\"column\" data-e-type=\"column\" data-settings=\"{&quot;background_background&quot;:&quot;classic&quot;}\">\n\t\t\t<div class=\"elementor-widget-wrap elementor-element-populated\">\n\t\t\t\t\t<div class=\"elementor-background-overlay\"><\/div>\n\t\t\t\t\t\t<div class=\"elementor-element elementor-element-d20435a title-liste-actu elementor-widget elementor-widget-heading\" data-id=\"d20435a\" data-element_type=\"widget\" data-e-type=\"widget\" data-widget_type=\"heading.default\">\n\t\t\t\t<div class=\"elementor-widget-container\">\n\t\t\t\t\t<h2 class=\"elementor-heading-title elementor-size-default\">Our latest news<\/h2>\t\t\t\t<\/div>\n\t\t\t\t<\/div>\n\t\t\t\t<div class=\"elementor-element elementor-element-1178824 liste-3articles elementor-widget elementor-widget-global elementor-global-15786 elementor-global-910 elementor-widget-ucaddon_post_magazine_grid\" data-id=\"1178824\" data-element_type=\"widget\" data-e-type=\"widget\" data-widget_type=\"ucaddon_post_magazine_grid.default\">\n\t\t\t\t<div class=\"elementor-widget-container\">\n\t\t\t\t\t\n<!-- start Post Magazine Grid -->\n\t\t<link id='font-awesome-css' href='https:\/\/www.elephant-vert.com\/wp-content\/plugins\/unlimited-elements-for-elementor-premium\/assets_libraries\/font-awesome6\/fontawesome-all.min.css' type='text\/css' rel='stylesheet' >\n\t\t<link id='font-awesome-4-shim-css' href='https:\/\/www.elephant-vert.com\/wp-content\/plugins\/unlimited-elements-for-elementor-premium\/assets_libraries\/font-awesome6\/fontawesome-v4-shims.min.css' type='text\/css' rel='stylesheet' >\n\n<style>\/* widget: Post Magazine Grid *\/\n\n#uc_post_magazine_grid_elementor_1178824 *\n{\n  box-sizing:border-box;\n}\n#uc_post_magazine_grid_elementor_1178824\n{\n  display: grid;\n  grid-auto-rows: 1fr;\n}\n\n#uc_post_magazine_grid_elementor_1178824 div.ue-grid-item\n{\n  overflow:hidden;\n  display:flex;\n  position:relative;\n}\n\n#uc_post_magazine_grid_elementor_1178824 .ue-grid-item-image img\n{\n  width:100%;\n  display:block;\n}\n\n\n#uc_post_magazine_grid_elementor_1178824.ue-layout-cover .ue-grid-item-image\n{\n  position:absolute;\n  top:0;\n  left:0;\n  bottom:0;\n  right:0;\n}\n\n#uc_post_magazine_grid_elementor_1178824.ue-layout-cover .ue-grid-item-image img\n{\n  height:100%;\n  object-fit: cover;\n}\n\n#uc_post_magazine_grid_elementor_1178824.ue-layout-cover .ue-grid-item-content\n{\n  position:absolute;\n  width:100%;\n  bottom:0px;\n}\n\n#uc_post_magazine_grid_elementor_1178824 .ue-grid-item-image-overlay\n{\n  position:absolute;\n  width:100%;\n  top:0;\n  display:block;\n  bottom:0;\n  height:100%;\n  transition:0.3s;\n}\n\n.ue-grid-item-title a\n{\n  font-size:21px;\n  font-weight:bold;\n}\n\n.ue-grid-item-category a\n{\n  display:inline-block;\n  font-size:10px;\n  text-transform:uppercase;\n}\n\n#uc_post_magazine_grid_elementor_1178824 .uc_more_btn{\n\n  text-align:center;\n  text-decoration:none;\n  transition:0.3s;\n}\n\n#uc_post_magazine_grid_elementor_1178824 .ue-grid-item-meta-data\n{\n  display:flex;\n  flex-wrap: wrap;\n}\n\n.ue-grid-item-meta-data\n{\n  font-size:12px;\n}\n\n#uc_post_magazine_grid_elementor_1178824 .ue-grid-item-meta-data-icon\n{\n  line-height:1em;\n}\n\n#uc_post_magazine_grid_elementor_1178824 .ue-grid-item-meta-data-icon svg\n{\n  width:1em;\n  height:1em;\n}\n\n\n\n#uc_post_magazine_grid_elementor_1178824 .ue-date-calendar\n{\n      position:absolute;\n      top:0px;\n     left:0px;\n     text-align:center;\n    }\n\n@media only screen and (max-width: 600px) {\n  #uc_post_magazine_grid_elementor_1178824 div.ue-grid-item\n  {\n    grid-column: span 1;\n    grid-row: span 1;\n  }\n  #uc_post_magazine_grid_elementor_1178824\n  {\n  grid-template-columns: repeat(1, 1fr);\n  }\n}\n\n<\/style>\n\n<div id=\"uc_post_magazine_grid_elementor_1178824\" class=\"post_magazine_grid ue-layout-cover uc-items-wrapper\" >\n\t<div class=\"ue-grid-item\">\n\t<div class=\"ue-grid-item-image\">\n       \n          <img loading=\"lazy\" decoding=\"async\" src=\"https:\/\/www.elephant-vert.com\/wp-content\/uploads\/2025\/03\/IMAGE-1-1-768x262.jpg\"  src=\"https:\/\/www.elephant-vert.com\/wp-content\/uploads\/2025\/03\/IMAGE-1-1-768x262.jpg\" alt=\"IMAGE 1\" width=\"768\" height=\"262\">  \n      \t\n      \n      <a class=\"ue-grid-item-image-overlay\" title=\"Lire la suite\" href=\"https:\/\/www.elephant-vert.com\/en\/elephant-vert-ev-and-pro-farm-group-pfg-announce-the-renewal-of-their-collaboration-to-distribute-biocontrol-products-in-africa\/\"><\/a>\n    <\/div>\n  \t<div class=\"background-image\">&nbsp;<\/div>\n  \t  \n          <div class=\"ue-grid-item-content content-cat-product\">\n                <svg class=\"big-item\" width=\"28\" height=\"35\" viewBox=\"0 0 28 35\" xmlns=\"http:\/\/www.w3.org\/2000\/svg\">\n        <path d=\"M13.7091 24.6365C8.61727 25.5512 5.59234 23.5592 2.89277 22.9295C0.797843 22.441 -0.627176 23.1992 0.276687 24.9772C1.40652 27.1998 8.12201 29.7613 11.7121 30.5057C15.3022 31.2502 18.5306 29.4692 18.6052 27.407C18.6797 25.3448 17.2613 23.9983 13.7091 24.6365Z\" \/>\n        <path d=\"M11.7544 0.969957C14.3709 2.4262 19.7135 7.99066 22.0577 10.5909C23.0118 11.5001 24.4848 13.6393 22.7441 14.9227C21.0034 16.206 19.1018 14.5343 18.3686 13.538C16.4264 11.5256 11.8829 6.86515 9.24635 4.32215C6.60982 1.77914 7.12916 0.678786 7.71839 0.446482C7.97348 0.0142068 9.13779 -0.486283 11.7544 0.969957Z\" \/>\n      <\/svg>\n      <svg class=\"small-item\" width=\"24\" height=\"31\" viewBox=\"0 0 24 31\" xmlns=\"http:\/\/www.w3.org\/2000\/svg\">\n        <path d=\"M13.7091 24.6365C8.61727 25.5512 5.59234 23.5592 2.89277 22.9295C0.797843 22.441 -0.627176 23.1992 0.276687 24.9772C1.40652 27.1998 8.12201 29.7613 11.7121 30.5057C15.3022 31.2502 18.5306 29.4692 18.6052 27.407C18.6797 25.3448 17.2613 23.9983 13.7091 24.6365Z\"\/>\n        <path d=\"M11.7544 0.969957C14.3709 2.4262 19.7135 7.99066 22.0577 10.5909C23.0118 11.5001 24.4848 13.6393 22.7441 14.9227C21.0034 16.206 19.1018 14.5343 18.3686 13.538C16.4264 11.5256 11.8829 6.86515 9.24635 4.32215C6.60982 1.77914 7.12916 0.678786 7.71839 0.446482C7.97348 0.0142068 9.13779 -0.486283 11.7544 0.969957Z\"\/>\n      <\/svg>\n      <span class=\"background-color-hover\">&nbsp;<\/span>\n      \n            \n      \t<div class=\"ue-grid-item-category\">\n        <a href=\"https:\/\/www.elephant-vert.com\/en\/category\/product\/\" title=\"Product\" class=\"cat-product\">Product<\/a>\n      <\/div>\n      \n                  \n      \n            \n      <div class=\"ue-grid-item-title\"><a href=\"https:\/\/www.elephant-vert.com\/en\/elephant-vert-ev-and-pro-farm-group-pfg-announce-the-renewal-of-their-collaboration-to-distribute-biocontrol-products-in-africa\/\">El\u00e9phant Vert (EV) and Pro Farm Group (PFG) announce the renewal of their collaboration to distribute biocontrol products...<\/a><\/div>      \n            \n      <div class=\"footer-item\">\n                <div class=\"ue-grid-item-meta-data\">\n          <div class=\"ue-grid-item-meta-data-date\"><span class=\"ue-grid-item-meta-data-icon\"><i class=''><\/i><\/span> 19.03.2025<\/div>                          \n        <\/div>\n        \n        <div class=\"ue-grid-item-button\"><a class=\"uc_more_btn \" href=\"https:\/\/www.elephant-vert.com\/en\/elephant-vert-ev-and-pro-farm-group-pfg-announce-the-renewal-of-their-collaboration-to-distribute-biocontrol-products-in-africa\/\"><span>\u2022<\/span> Read the article<\/a><\/div>      <\/div>\n    <\/div>\n  \n    \n    \n  \n<\/div>\n<div class=\"ue-grid-item\">\n\t<div class=\"ue-grid-item-image\">\n       \n          <img loading=\"lazy\" decoding=\"async\" src=\"https:\/\/www.elephant-vert.com\/wp-content\/uploads\/2025\/01\/IMGM0022-768x512.jpg\"  src=\"https:\/\/www.elephant-vert.com\/wp-content\/uploads\/2025\/01\/IMGM0022-768x512.jpg\" alt=\"IMGM0022\" width=\"768\" height=\"512\">  \n      \t\n      \n      <a class=\"ue-grid-item-image-overlay\" title=\"Lire la suite\" href=\"https:\/\/www.elephant-vert.com\/en\/elephant-vert-awarded-bpi-grant-to-develop-high-performance-biofungicide\/\"><\/a>\n    <\/div>\n  \t<div class=\"background-image\">&nbsp;<\/div>\n  \t  \n          <div class=\"ue-grid-item-content content-cat-institutional\">\n                <svg class=\"big-item\" width=\"28\" height=\"35\" viewBox=\"0 0 28 35\" xmlns=\"http:\/\/www.w3.org\/2000\/svg\">\n        <path d=\"M13.7091 24.6365C8.61727 25.5512 5.59234 23.5592 2.89277 22.9295C0.797843 22.441 -0.627176 23.1992 0.276687 24.9772C1.40652 27.1998 8.12201 29.7613 11.7121 30.5057C15.3022 31.2502 18.5306 29.4692 18.6052 27.407C18.6797 25.3448 17.2613 23.9983 13.7091 24.6365Z\" \/>\n        <path d=\"M11.7544 0.969957C14.3709 2.4262 19.7135 7.99066 22.0577 10.5909C23.0118 11.5001 24.4848 13.6393 22.7441 14.9227C21.0034 16.206 19.1018 14.5343 18.3686 13.538C16.4264 11.5256 11.8829 6.86515 9.24635 4.32215C6.60982 1.77914 7.12916 0.678786 7.71839 0.446482C7.97348 0.0142068 9.13779 -0.486283 11.7544 0.969957Z\" \/>\n      <\/svg>\n      <svg class=\"small-item\" width=\"24\" height=\"31\" viewBox=\"0 0 24 31\" xmlns=\"http:\/\/www.w3.org\/2000\/svg\">\n        <path d=\"M13.7091 24.6365C8.61727 25.5512 5.59234 23.5592 2.89277 22.9295C0.797843 22.441 -0.627176 23.1992 0.276687 24.9772C1.40652 27.1998 8.12201 29.7613 11.7121 30.5057C15.3022 31.2502 18.5306 29.4692 18.6052 27.407C18.6797 25.3448 17.2613 23.9983 13.7091 24.6365Z\"\/>\n        <path d=\"M11.7544 0.969957C14.3709 2.4262 19.7135 7.99066 22.0577 10.5909C23.0118 11.5001 24.4848 13.6393 22.7441 14.9227C21.0034 16.206 19.1018 14.5343 18.3686 13.538C16.4264 11.5256 11.8829 6.86515 9.24635 4.32215C6.60982 1.77914 7.12916 0.678786 7.71839 0.446482C7.97348 0.0142068 9.13779 -0.486283 11.7544 0.969957Z\"\/>\n      <\/svg>\n      <span class=\"background-color-hover\">&nbsp;<\/span>\n      \n            \n      \t<div class=\"ue-grid-item-category\">\n        <a href=\"https:\/\/www.elephant-vert.com\/en\/category\/institutional\/\" title=\"Institutional\" class=\"cat-institutional\">Institutional<\/a>\n      <\/div>\n      \n                  \n      \n            \n      <div class=\"ue-grid-item-title\"><a href=\"https:\/\/www.elephant-vert.com\/en\/elephant-vert-awarded-bpi-grant-to-develop-high-performance-biofungicide\/\">El\u00e9phant Vert Awarded BPI Grant to Develop High-Performance Biofungicide\u200b<\/a><\/div>      \n            \n      <div class=\"footer-item\">\n                <div class=\"ue-grid-item-meta-data\">\n          <div class=\"ue-grid-item-meta-data-date\"><span class=\"ue-grid-item-meta-data-icon\"><i class=''><\/i><\/span> 08.01.2025<\/div>                          \n        <\/div>\n        \n        <div class=\"ue-grid-item-button\"><a class=\"uc_more_btn \" href=\"https:\/\/www.elephant-vert.com\/en\/elephant-vert-awarded-bpi-grant-to-develop-high-performance-biofungicide\/\"><span>\u2022<\/span> Read the article<\/a><\/div>      <\/div>\n    <\/div>\n  \n    \n    \n  \n<\/div>\n<div class=\"ue-grid-item\">\n\t<div class=\"ue-grid-item-image\">\n       \n          <img loading=\"lazy\" decoding=\"async\" src=\"https:\/\/www.elephant-vert.com\/wp-content\/uploads\/2024\/12\/processed-F5FC32C1-1EEB-41F4-B7E8-A3D82C2E1231-1-768x576.jpeg\"  src=\"https:\/\/www.elephant-vert.com\/wp-content\/uploads\/2024\/12\/processed-F5FC32C1-1EEB-41F4-B7E8-A3D82C2E1231-1-768x576.jpeg\" alt=\"processed-F5FC32C1-1EEB-41F4-B7E8-A3D82C2E1231\" width=\"768\" height=\"576\">  \n      \t\n      \n      <a class=\"ue-grid-item-image-overlay\" title=\"Lire la suite\" href=\"https:\/\/www.elephant-vert.com\/en\/a-new-acquisition-for-the-elephant-vert-group-that-strengthens-its-position-on-the-european-and-global-markets\/\"><\/a>\n    <\/div>\n  \t<div class=\"background-image\">&nbsp;<\/div>\n  \t  \n          <div class=\"ue-grid-item-content content-cat-product\">\n                <svg class=\"big-item\" width=\"28\" height=\"35\" viewBox=\"0 0 28 35\" xmlns=\"http:\/\/www.w3.org\/2000\/svg\">\n        <path d=\"M13.7091 24.6365C8.61727 25.5512 5.59234 23.5592 2.89277 22.9295C0.797843 22.441 -0.627176 23.1992 0.276687 24.9772C1.40652 27.1998 8.12201 29.7613 11.7121 30.5057C15.3022 31.2502 18.5306 29.4692 18.6052 27.407C18.6797 25.3448 17.2613 23.9983 13.7091 24.6365Z\" \/>\n        <path d=\"M11.7544 0.969957C14.3709 2.4262 19.7135 7.99066 22.0577 10.5909C23.0118 11.5001 24.4848 13.6393 22.7441 14.9227C21.0034 16.206 19.1018 14.5343 18.3686 13.538C16.4264 11.5256 11.8829 6.86515 9.24635 4.32215C6.60982 1.77914 7.12916 0.678786 7.71839 0.446482C7.97348 0.0142068 9.13779 -0.486283 11.7544 0.969957Z\" \/>\n      <\/svg>\n      <svg class=\"small-item\" width=\"24\" height=\"31\" viewBox=\"0 0 24 31\" xmlns=\"http:\/\/www.w3.org\/2000\/svg\">\n        <path d=\"M13.7091 24.6365C8.61727 25.5512 5.59234 23.5592 2.89277 22.9295C0.797843 22.441 -0.627176 23.1992 0.276687 24.9772C1.40652 27.1998 8.12201 29.7613 11.7121 30.5057C15.3022 31.2502 18.5306 29.4692 18.6052 27.407C18.6797 25.3448 17.2613 23.9983 13.7091 24.6365Z\"\/>\n        <path d=\"M11.7544 0.969957C14.3709 2.4262 19.7135 7.99066 22.0577 10.5909C23.0118 11.5001 24.4848 13.6393 22.7441 14.9227C21.0034 16.206 19.1018 14.5343 18.3686 13.538C16.4264 11.5256 11.8829 6.86515 9.24635 4.32215C6.60982 1.77914 7.12916 0.678786 7.71839 0.446482C7.97348 0.0142068 9.13779 -0.486283 11.7544 0.969957Z\"\/>\n      <\/svg>\n      <span class=\"background-color-hover\">&nbsp;<\/span>\n      \n            \n      \t<div class=\"ue-grid-item-category\">\n        <a href=\"https:\/\/www.elephant-vert.com\/en\/category\/product\/\" title=\"Product\" class=\"cat-product\">Product<\/a>\n      <\/div>\n      \n                  \n      \n            \n      <div class=\"ue-grid-item-title\"><a href=\"https:\/\/www.elephant-vert.com\/en\/a-new-acquisition-for-the-elephant-vert-group-that-strengthens-its-position-on-the-european-and-global-markets\/\">A new acquisition for the El\u00e9phant Vert group that strengthens its position on the European and global markets<\/a><\/div>      \n            \n      <div class=\"footer-item\">\n                <div class=\"ue-grid-item-meta-data\">\n          <div class=\"ue-grid-item-meta-data-date\"><span class=\"ue-grid-item-meta-data-icon\"><i class=''><\/i><\/span> 17.12.2024<\/div>                          \n        <\/div>\n        \n        <div class=\"ue-grid-item-button\"><a class=\"uc_more_btn \" href=\"https:\/\/www.elephant-vert.com\/en\/a-new-acquisition-for-the-elephant-vert-group-that-strengthens-its-position-on-the-european-and-global-markets\/\"><span>\u2022<\/span> Read the article<\/a><\/div>      <\/div>\n    <\/div>\n  \n    \n    \n  \n<\/div>\n\n<\/div>\n\n\n<!-- end Post Magazine Grid -->\t\t\t\t<\/div>\n\t\t\t\t<\/div>\n\t\t\t\t<div class=\"elementor-element elementor-element-fc7a5c2 elementor-align-center item-cta-orange item-cta-actus elementor-widget elementor-widget-button\" data-id=\"fc7a5c2\" data-element_type=\"widget\" data-e-type=\"widget\" data-widget_type=\"button.default\">\n\t\t\t\t<div class=\"elementor-widget-container\">\n\t\t\t\t\t\t\t\t\t<div class=\"elementor-button-wrapper\">\n\t\t\t\t\t<a class=\"elementor-button elementor-button-link elementor-size-md\" href=\"https:\/\/www.elephant-vert.com\/en\/news\/\">\n\t\t\t\t\t\t<span class=\"elementor-button-content-wrapper\">\n\t\t\t\t\t\t\t\t\t<span class=\"elementor-button-text\"><div class=\"cta-txt-effect\"><span class=\"txt-cta\">Discover our news<\/span><span class=\"txt-cta__hover\">Discover our news<\/span><\/div><\/span>\n\t\t\t\t\t<\/span>\n\t\t\t\t\t<\/a>\n\t\t\t\t<\/div>\n\t\t\t\t\t\t\t\t<\/div>\n\t\t\t\t<\/div>\n\t\t\t\t\t<\/div>\n\t\t<\/div>\n\t\t\t\t\t<\/div>\n\t\t<\/section>\n\t\t\t\t<\/div>\n\t\t","protected":false},"excerpt":{"rendered":"<p>RETURN RETURN El\u00e9phant Vert (EV) becomes a 100% shareholder of the French group BIO3G with the ambition of taking advantage of the complementarity of the companies to strengthen their respective positionsin all markets. Accelerated growth thanks to the complementarity ofthe two companies The benefit of this acquisition is to play on the dual &#8220;product and &#8230; <a title=\"A new acquisition for the El\u00e9phant Vert group that strengthens its position on the European and global markets\" class=\"read-more\" href=\"https:\/\/www.elephant-vert.com\/en\/a-new-acquisition-for-the-elephant-vert-group-that-strengthens-its-position-on-the-european-and-global-markets\/\" aria-label=\"Read more about A new acquisition for the El\u00e9phant Vert group that strengthens its position on the European and global markets\">Lire plus<\/a><\/p>\n","protected":false},"author":4,"featured_media":25510,"comment_status":"closed","ping_status":"closed","sticky":false,"template":"elementor_header_footer","format":"standard","meta":{"_acf_changed":false,"inline_featured_image":false,"footnotes":""},"categories":[267],"tags":[],"class_list":["post-25501","post","type-post","status-publish","format-standard","has-post-thumbnail","hentry","category-product"],"acf":[],"yoast_head":"<!-- This site is optimized with the Yoast SEO plugin v27.5 - https:\/\/yoast.com\/product\/yoast-seo-wordpress\/ -->\n<title>A new acquisition for the El\u00e9phant Vert group that strengthens its position on the European and global markets - El\u00e9phant Vert<\/title>\n<meta name=\"description\" content=\"A new acquisition for the El\u00e9phant Vert group that strengthens its position on the European and global markets\" \/>\n<meta name=\"robots\" content=\"index, follow, max-snippet:-1, max-image-preview:large, max-video-preview:-1\" \/>\n<link rel=\"canonical\" href=\"https:\/\/www.elephant-vert.com\/en\/a-new-acquisition-for-the-elephant-vert-group-that-strengthens-its-position-on-the-european-and-global-markets\/\" \/>\n<meta property=\"og:locale\" content=\"en_US\" \/>\n<meta property=\"og:type\" content=\"article\" \/>\n<meta property=\"og:title\" content=\"A new acquisition for the El\u00e9phant Vert group that strengthens its position on the European and global markets - El\u00e9phant Vert\" \/>\n<meta property=\"og:description\" content=\"A new acquisition for the El\u00e9phant Vert group that strengthens its position on the European and global markets\" \/>\n<meta property=\"og:url\" content=\"https:\/\/www.elephant-vert.com\/en\/a-new-acquisition-for-the-elephant-vert-group-that-strengthens-its-position-on-the-european-and-global-markets\/\" \/>\n<meta property=\"og:site_name\" content=\"El\u00e9phant Vert\" \/>\n<meta property=\"article:published_time\" content=\"2024-12-17T09:29:25+00:00\" \/>\n<meta property=\"article:modified_time\" content=\"2025-01-08T10:50:40+00:00\" \/>\n<meta property=\"og:image\" content=\"https:\/\/www.elephant-vert.com\/wp-content\/uploads\/2024\/12\/processed-F5FC32C1-1EEB-41F4-B7E8-A3D82C2E1231-1-scaled.jpeg\" \/>\n\t<meta property=\"og:image:width\" content=\"2048\" \/>\n\t<meta property=\"og:image:height\" content=\"1537\" \/>\n\t<meta property=\"og:image:type\" content=\"image\/jpeg\" \/>\n<meta name=\"author\" content=\"Othmane Krafess\" \/>\n<meta name=\"twitter:card\" content=\"summary_large_image\" \/>\n<meta name=\"twitter:label1\" content=\"Written by\" \/>\n\t<meta name=\"twitter:data1\" content=\"Othmane Krafess\" \/>\n\t<meta name=\"twitter:label2\" content=\"Est. reading time\" \/>\n\t<meta name=\"twitter:data2\" content=\"5 minutes\" \/>\n<script type=\"application\/ld+json\" class=\"yoast-schema-graph\">{\"@context\":\"https:\\\/\\\/schema.org\",\"@graph\":[{\"@type\":\"Article\",\"@id\":\"https:\\\/\\\/www.elephant-vert.com\\\/en\\\/a-new-acquisition-for-the-elephant-vert-group-that-strengthens-its-position-on-the-european-and-global-markets\\\/#article\",\"isPartOf\":{\"@id\":\"https:\\\/\\\/www.elephant-vert.com\\\/en\\\/a-new-acquisition-for-the-elephant-vert-group-that-strengthens-its-position-on-the-european-and-global-markets\\\/\"},\"author\":{\"name\":\"Othmane Krafess\",\"@id\":\"https:\\\/\\\/www.elephant-vert.com\\\/en\\\/#\\\/schema\\\/person\\\/8d66da7be3e91c526714dc26813fa3ac\"},\"headline\":\"A new acquisition for the El\u00e9phant Vert group that strengthens its position on the European and global markets\",\"datePublished\":\"2024-12-17T09:29:25+00:00\",\"dateModified\":\"2025-01-08T10:50:40+00:00\",\"mainEntityOfPage\":{\"@id\":\"https:\\\/\\\/www.elephant-vert.com\\\/en\\\/a-new-acquisition-for-the-elephant-vert-group-that-strengthens-its-position-on-the-european-and-global-markets\\\/\"},\"wordCount\":633,\"publisher\":{\"@id\":\"https:\\\/\\\/www.elephant-vert.com\\\/en\\\/#organization\"},\"image\":{\"@id\":\"https:\\\/\\\/www.elephant-vert.com\\\/en\\\/a-new-acquisition-for-the-elephant-vert-group-that-strengthens-its-position-on-the-european-and-global-markets\\\/#primaryimage\"},\"thumbnailUrl\":\"https:\\\/\\\/www.elephant-vert.com\\\/wp-content\\\/uploads\\\/2024\\\/12\\\/processed-F5FC32C1-1EEB-41F4-B7E8-A3D82C2E1231-1-scaled.jpeg\",\"articleSection\":[\"Product\"],\"inLanguage\":\"en-US\"},{\"@type\":\"WebPage\",\"@id\":\"https:\\\/\\\/www.elephant-vert.com\\\/en\\\/a-new-acquisition-for-the-elephant-vert-group-that-strengthens-its-position-on-the-european-and-global-markets\\\/\",\"url\":\"https:\\\/\\\/www.elephant-vert.com\\\/en\\\/a-new-acquisition-for-the-elephant-vert-group-that-strengthens-its-position-on-the-european-and-global-markets\\\/\",\"name\":\"A new acquisition for the El\u00e9phant Vert group that strengthens its position on the European and global markets - El\u00e9phant Vert\",\"isPartOf\":{\"@id\":\"https:\\\/\\\/www.elephant-vert.com\\\/en\\\/#website\"},\"primaryImageOfPage\":{\"@id\":\"https:\\\/\\\/www.elephant-vert.com\\\/en\\\/a-new-acquisition-for-the-elephant-vert-group-that-strengthens-its-position-on-the-european-and-global-markets\\\/#primaryimage\"},\"image\":{\"@id\":\"https:\\\/\\\/www.elephant-vert.com\\\/en\\\/a-new-acquisition-for-the-elephant-vert-group-that-strengthens-its-position-on-the-european-and-global-markets\\\/#primaryimage\"},\"thumbnailUrl\":\"https:\\\/\\\/www.elephant-vert.com\\\/wp-content\\\/uploads\\\/2024\\\/12\\\/processed-F5FC32C1-1EEB-41F4-B7E8-A3D82C2E1231-1-scaled.jpeg\",\"datePublished\":\"2024-12-17T09:29:25+00:00\",\"dateModified\":\"2025-01-08T10:50:40+00:00\",\"description\":\"A new acquisition for the El\u00e9phant Vert group that strengthens its position on the European and global markets\",\"breadcrumb\":{\"@id\":\"https:\\\/\\\/www.elephant-vert.com\\\/en\\\/a-new-acquisition-for-the-elephant-vert-group-that-strengthens-its-position-on-the-european-and-global-markets\\\/#breadcrumb\"},\"inLanguage\":\"en-US\",\"potentialAction\":[{\"@type\":\"ReadAction\",\"target\":[\"https:\\\/\\\/www.elephant-vert.com\\\/en\\\/a-new-acquisition-for-the-elephant-vert-group-that-strengthens-its-position-on-the-european-and-global-markets\\\/\"]}]},{\"@type\":\"ImageObject\",\"inLanguage\":\"en-US\",\"@id\":\"https:\\\/\\\/www.elephant-vert.com\\\/en\\\/a-new-acquisition-for-the-elephant-vert-group-that-strengthens-its-position-on-the-european-and-global-markets\\\/#primaryimage\",\"url\":\"https:\\\/\\\/www.elephant-vert.com\\\/wp-content\\\/uploads\\\/2024\\\/12\\\/processed-F5FC32C1-1EEB-41F4-B7E8-A3D82C2E1231-1-scaled.jpeg\",\"contentUrl\":\"https:\\\/\\\/www.elephant-vert.com\\\/wp-content\\\/uploads\\\/2024\\\/12\\\/processed-F5FC32C1-1EEB-41F4-B7E8-A3D82C2E1231-1-scaled.jpeg\",\"width\":2048,\"height\":1537},{\"@type\":\"BreadcrumbList\",\"@id\":\"https:\\\/\\\/www.elephant-vert.com\\\/en\\\/a-new-acquisition-for-the-elephant-vert-group-that-strengthens-its-position-on-the-european-and-global-markets\\\/#breadcrumb\",\"itemListElement\":[{\"@type\":\"ListItem\",\"position\":1,\"name\":\"Home\",\"item\":\"https:\\\/\\\/www.elephant-vert.com\\\/en\\\/\"},{\"@type\":\"ListItem\",\"position\":2,\"name\":\"A new acquisition for the El\u00e9phant Vert group that strengthens its position on the European and global markets\"}]},{\"@type\":\"WebSite\",\"@id\":\"https:\\\/\\\/www.elephant-vert.com\\\/en\\\/#website\",\"url\":\"https:\\\/\\\/www.elephant-vert.com\\\/en\\\/\",\"name\":\"El\u00e9phant Vert\",\"description\":\"Cultivons un avenir fertile\",\"publisher\":{\"@id\":\"https:\\\/\\\/www.elephant-vert.com\\\/en\\\/#organization\"},\"potentialAction\":[{\"@type\":\"SearchAction\",\"target\":{\"@type\":\"EntryPoint\",\"urlTemplate\":\"https:\\\/\\\/www.elephant-vert.com\\\/en\\\/?s={search_term_string}\"},\"query-input\":{\"@type\":\"PropertyValueSpecification\",\"valueRequired\":true,\"valueName\":\"search_term_string\"}}],\"inLanguage\":\"en-US\"},{\"@type\":\"Organization\",\"@id\":\"https:\\\/\\\/www.elephant-vert.com\\\/en\\\/#organization\",\"name\":\"El\u00e9phant Vert\",\"url\":\"https:\\\/\\\/www.elephant-vert.com\\\/en\\\/\",\"logo\":{\"@type\":\"ImageObject\",\"inLanguage\":\"en-US\",\"@id\":\"https:\\\/\\\/www.elephant-vert.com\\\/en\\\/#\\\/schema\\\/logo\\\/image\\\/\",\"url\":\"https:\\\/\\\/www.elephant-vert.com\\\/wp-content\\\/uploads\\\/2022\\\/11\\\/Logo-elephant-vert.svg\",\"contentUrl\":\"https:\\\/\\\/www.elephant-vert.com\\\/wp-content\\\/uploads\\\/2022\\\/11\\\/Logo-elephant-vert.svg\",\"width\":89,\"height\":55,\"caption\":\"El\u00e9phant Vert\"},\"image\":{\"@id\":\"https:\\\/\\\/www.elephant-vert.com\\\/en\\\/#\\\/schema\\\/logo\\\/image\\\/\"}},{\"@type\":\"Person\",\"@id\":\"https:\\\/\\\/www.elephant-vert.com\\\/en\\\/#\\\/schema\\\/person\\\/8d66da7be3e91c526714dc26813fa3ac\",\"name\":\"Othmane Krafess\",\"image\":{\"@type\":\"ImageObject\",\"inLanguage\":\"en-US\",\"@id\":\"https:\\\/\\\/secure.gravatar.com\\\/avatar\\\/069d876957c0c3ff6484896b7ab170635b29a78e3ffcdcb8fcd18338486ad6b1?s=96&d=mm&r=g\",\"url\":\"https:\\\/\\\/secure.gravatar.com\\\/avatar\\\/069d876957c0c3ff6484896b7ab170635b29a78e3ffcdcb8fcd18338486ad6b1?s=96&d=mm&r=g\",\"contentUrl\":\"https:\\\/\\\/secure.gravatar.com\\\/avatar\\\/069d876957c0c3ff6484896b7ab170635b29a78e3ffcdcb8fcd18338486ad6b1?s=96&d=mm&r=g\",\"caption\":\"Othmane Krafess\"}}]}<\/script>\n<!-- \/ Yoast SEO plugin. -->","yoast_head_json":{"title":"A new acquisition for the El\u00e9phant Vert group that strengthens its position on the European and global markets - El\u00e9phant Vert","description":"A new acquisition for the El\u00e9phant Vert group that strengthens its position on the European and global markets","robots":{"index":"index","follow":"follow","max-snippet":"max-snippet:-1","max-image-preview":"max-image-preview:large","max-video-preview":"max-video-preview:-1"},"canonical":"https:\/\/www.elephant-vert.com\/en\/a-new-acquisition-for-the-elephant-vert-group-that-strengthens-its-position-on-the-european-and-global-markets\/","og_locale":"en_US","og_type":"article","og_title":"A new acquisition for the El\u00e9phant Vert group that strengthens its position on the European and global markets - El\u00e9phant Vert","og_description":"A new acquisition for the El\u00e9phant Vert group that strengthens its position on the European and global markets","og_url":"https:\/\/www.elephant-vert.com\/en\/a-new-acquisition-for-the-elephant-vert-group-that-strengthens-its-position-on-the-european-and-global-markets\/","og_site_name":"El\u00e9phant Vert","article_published_time":"2024-12-17T09:29:25+00:00","article_modified_time":"2025-01-08T10:50:40+00:00","og_image":[{"width":2048,"height":1537,"url":"https:\/\/www.elephant-vert.com\/wp-content\/uploads\/2024\/12\/processed-F5FC32C1-1EEB-41F4-B7E8-A3D82C2E1231-1-scaled.jpeg","type":"image\/jpeg"}],"author":"Othmane Krafess","twitter_card":"summary_large_image","twitter_misc":{"Written by":"Othmane Krafess","Est. reading time":"5 minutes"},"schema":{"@context":"https:\/\/schema.org","@graph":[{"@type":"Article","@id":"https:\/\/www.elephant-vert.com\/en\/a-new-acquisition-for-the-elephant-vert-group-that-strengthens-its-position-on-the-european-and-global-markets\/#article","isPartOf":{"@id":"https:\/\/www.elephant-vert.com\/en\/a-new-acquisition-for-the-elephant-vert-group-that-strengthens-its-position-on-the-european-and-global-markets\/"},"author":{"name":"Othmane Krafess","@id":"https:\/\/www.elephant-vert.com\/en\/#\/schema\/person\/8d66da7be3e91c526714dc26813fa3ac"},"headline":"A new acquisition for the El\u00e9phant Vert group that strengthens its position on the European and global markets","datePublished":"2024-12-17T09:29:25+00:00","dateModified":"2025-01-08T10:50:40+00:00","mainEntityOfPage":{"@id":"https:\/\/www.elephant-vert.com\/en\/a-new-acquisition-for-the-elephant-vert-group-that-strengthens-its-position-on-the-european-and-global-markets\/"},"wordCount":633,"publisher":{"@id":"https:\/\/www.elephant-vert.com\/en\/#organization"},"image":{"@id":"https:\/\/www.elephant-vert.com\/en\/a-new-acquisition-for-the-elephant-vert-group-that-strengthens-its-position-on-the-european-and-global-markets\/#primaryimage"},"thumbnailUrl":"https:\/\/www.elephant-vert.com\/wp-content\/uploads\/2024\/12\/processed-F5FC32C1-1EEB-41F4-B7E8-A3D82C2E1231-1-scaled.jpeg","articleSection":["Product"],"inLanguage":"en-US"},{"@type":"WebPage","@id":"https:\/\/www.elephant-vert.com\/en\/a-new-acquisition-for-the-elephant-vert-group-that-strengthens-its-position-on-the-european-and-global-markets\/","url":"https:\/\/www.elephant-vert.com\/en\/a-new-acquisition-for-the-elephant-vert-group-that-strengthens-its-position-on-the-european-and-global-markets\/","name":"A new acquisition for the El\u00e9phant Vert group that strengthens its position on the European and global markets - El\u00e9phant Vert","isPartOf":{"@id":"https:\/\/www.elephant-vert.com\/en\/#website"},"primaryImageOfPage":{"@id":"https:\/\/www.elephant-vert.com\/en\/a-new-acquisition-for-the-elephant-vert-group-that-strengthens-its-position-on-the-european-and-global-markets\/#primaryimage"},"image":{"@id":"https:\/\/www.elephant-vert.com\/en\/a-new-acquisition-for-the-elephant-vert-group-that-strengthens-its-position-on-the-european-and-global-markets\/#primaryimage"},"thumbnailUrl":"https:\/\/www.elephant-vert.com\/wp-content\/uploads\/2024\/12\/processed-F5FC32C1-1EEB-41F4-B7E8-A3D82C2E1231-1-scaled.jpeg","datePublished":"2024-12-17T09:29:25+00:00","dateModified":"2025-01-08T10:50:40+00:00","description":"A new acquisition for the El\u00e9phant Vert group that strengthens its position on the European and global markets","breadcrumb":{"@id":"https:\/\/www.elephant-vert.com\/en\/a-new-acquisition-for-the-elephant-vert-group-that-strengthens-its-position-on-the-european-and-global-markets\/#breadcrumb"},"inLanguage":"en-US","potentialAction":[{"@type":"ReadAction","target":["https:\/\/www.elephant-vert.com\/en\/a-new-acquisition-for-the-elephant-vert-group-that-strengthens-its-position-on-the-european-and-global-markets\/"]}]},{"@type":"ImageObject","inLanguage":"en-US","@id":"https:\/\/www.elephant-vert.com\/en\/a-new-acquisition-for-the-elephant-vert-group-that-strengthens-its-position-on-the-european-and-global-markets\/#primaryimage","url":"https:\/\/www.elephant-vert.com\/wp-content\/uploads\/2024\/12\/processed-F5FC32C1-1EEB-41F4-B7E8-A3D82C2E1231-1-scaled.jpeg","contentUrl":"https:\/\/www.elephant-vert.com\/wp-content\/uploads\/2024\/12\/processed-F5FC32C1-1EEB-41F4-B7E8-A3D82C2E1231-1-scaled.jpeg","width":2048,"height":1537},{"@type":"BreadcrumbList","@id":"https:\/\/www.elephant-vert.com\/en\/a-new-acquisition-for-the-elephant-vert-group-that-strengthens-its-position-on-the-european-and-global-markets\/#breadcrumb","itemListElement":[{"@type":"ListItem","position":1,"name":"Home","item":"https:\/\/www.elephant-vert.com\/en\/"},{"@type":"ListItem","position":2,"name":"A new acquisition for the El\u00e9phant Vert group that strengthens its position on the European and global markets"}]},{"@type":"WebSite","@id":"https:\/\/www.elephant-vert.com\/en\/#website","url":"https:\/\/www.elephant-vert.com\/en\/","name":"El\u00e9phant Vert","description":"Cultivons un avenir fertile","publisher":{"@id":"https:\/\/www.elephant-vert.com\/en\/#organization"},"potentialAction":[{"@type":"SearchAction","target":{"@type":"EntryPoint","urlTemplate":"https:\/\/www.elephant-vert.com\/en\/?s={search_term_string}"},"query-input":{"@type":"PropertyValueSpecification","valueRequired":true,"valueName":"search_term_string"}}],"inLanguage":"en-US"},{"@type":"Organization","@id":"https:\/\/www.elephant-vert.com\/en\/#organization","name":"El\u00e9phant Vert","url":"https:\/\/www.elephant-vert.com\/en\/","logo":{"@type":"ImageObject","inLanguage":"en-US","@id":"https:\/\/www.elephant-vert.com\/en\/#\/schema\/logo\/image\/","url":"https:\/\/www.elephant-vert.com\/wp-content\/uploads\/2022\/11\/Logo-elephant-vert.svg","contentUrl":"https:\/\/www.elephant-vert.com\/wp-content\/uploads\/2022\/11\/Logo-elephant-vert.svg","width":89,"height":55,"caption":"El\u00e9phant Vert"},"image":{"@id":"https:\/\/www.elephant-vert.com\/en\/#\/schema\/logo\/image\/"}},{"@type":"Person","@id":"https:\/\/www.elephant-vert.com\/en\/#\/schema\/person\/8d66da7be3e91c526714dc26813fa3ac","name":"Othmane Krafess","image":{"@type":"ImageObject","inLanguage":"en-US","@id":"https:\/\/secure.gravatar.com\/avatar\/069d876957c0c3ff6484896b7ab170635b29a78e3ffcdcb8fcd18338486ad6b1?s=96&d=mm&r=g","url":"https:\/\/secure.gravatar.com\/avatar\/069d876957c0c3ff6484896b7ab170635b29a78e3ffcdcb8fcd18338486ad6b1?s=96&d=mm&r=g","contentUrl":"https:\/\/secure.gravatar.com\/avatar\/069d876957c0c3ff6484896b7ab170635b29a78e3ffcdcb8fcd18338486ad6b1?s=96&d=mm&r=g","caption":"Othmane Krafess"}}]}},"_links":{"self":[{"href":"https:\/\/www.elephant-vert.com\/en\/wp-json\/wp\/v2\/posts\/25501","targetHints":{"allow":["GET"]}}],"collection":[{"href":"https:\/\/www.elephant-vert.com\/en\/wp-json\/wp\/v2\/posts"}],"about":[{"href":"https:\/\/www.elephant-vert.com\/en\/wp-json\/wp\/v2\/types\/post"}],"author":[{"embeddable":true,"href":"https:\/\/www.elephant-vert.com\/en\/wp-json\/wp\/v2\/users\/4"}],"replies":[{"embeddable":true,"href":"https:\/\/www.elephant-vert.com\/en\/wp-json\/wp\/v2\/comments?post=25501"}],"version-history":[{"count":0,"href":"https:\/\/www.elephant-vert.com\/en\/wp-json\/wp\/v2\/posts\/25501\/revisions"}],"wp:featuredmedia":[{"embeddable":true,"href":"https:\/\/www.elephant-vert.com\/en\/wp-json\/wp\/v2\/media\/25510"}],"wp:attachment":[{"href":"https:\/\/www.elephant-vert.com\/en\/wp-json\/wp\/v2\/media?parent=25501"}],"wp:term":[{"taxonomy":"category","embeddable":true,"href":"https:\/\/www.elephant-vert.com\/en\/wp-json\/wp\/v2\/categories?post=25501"},{"taxonomy":"post_tag","embeddable":true,"href":"https:\/\/www.elephant-vert.com\/en\/wp-json\/wp\/v2\/tags?post=25501"}],"curies":[{"name":"wp","href":"https:\/\/api.w.org\/{rel}","templated":true}]}}